{"id":16,"date":"2021-11-18T09:52:50","date_gmt":"2021-11-18T09:52:50","guid":{"rendered":"https:\/\/vicariavii.archimadrid.es\/?p=16"},"modified":"2021-11-18T10:01:43","modified_gmt":"2021-11-18T10:01:43","slug":"nueva-entrada","status":"publish","type":"post","link":"https:\/\/vicariavii.archimadrid.es\/index.php\/2021\/11\/18\/nueva-entrada\/","title":{"rendered":"Comida sacerdotes j\u00f3venes"},"content":{"rendered":"\n<p>El d\u00eda 17 de Noviembre de 2021 el sr. Vicario se reuni\u00f3 con los sacerdotes j\u00f3venes de la Vicar\u00eda.<\/p>\n","protected":false},"excerpt":{"rendered":"<p>El d\u00eda 17 de Noviembre de 2021 el sr. Vicario se reuni\u00f3 con los sacerdotes j\u00f3venes de la Vicar\u00eda.<\/p>\n","protected":false},"author":1,"featured_media":0,"comment_status":"open","ping_status":"open","sticky":false,"template":"","format":"standard","meta":{"footnotes":""},"categories":[1],"tags":[],"class_list":["post-16","post","type-post","status-publish","format-standard","hentry","category-noticias","entry"],"_links":{"self":[{"href":"https:\/\/vicariavii.archimadrid.es\/index.php\/wp-json\/wp\/v2\/posts\/16","targetHints":{"allow":["GET"]}}],"collection":[{"href":"https:\/\/vicariavii.archimadrid.es\/index.php\/wp-json\/wp\/v2\/posts"}],"about":[{"href":"https:\/\/vicariavii.archimadrid.es\/index.php\/wp-json\/wp\/v2\/types\/post"}],"author":[{"embeddable":true,"href":"https:\/\/vicariavii.archimadrid.es\/index.php\/wp-json\/wp\/v2\/users\/1"}],"replies":[{"embeddable":true,"href":"https:\/\/vicariavii.archimadrid.es\/index.php\/wp-json\/wp\/v2\/comments?post=16"}],"version-history":[{"count":2,"href":"https:\/\/vicariavii.archimadrid.es\/index.php\/wp-json\/wp\/v2\/posts\/16\/revisions"}],"predecessor-version":[{"id":27,"href":"https:\/\/vicariavii.archimadrid.es\/index.php\/wp-json\/wp\/v2\/posts\/16\/revisions\/27"}],"wp:attachment":[{"href":"https:\/\/vicariavii.archimadrid.es\/index.php\/wp-json\/wp\/v2\/media?parent=16"}],"wp:term":[{"taxonomy":"category","embeddable":true,"href":"https:\/\/vicariavii.archimadrid.es\/index.php\/wp-json\/wp\/v2\/categories?post=16"},{"taxonomy":"post_tag","embeddable":true,"href":"https:\/\/vicariavii.archimadrid.es\/index.php\/wp-json\/wp\/v2\/tags?post=16"}],"curies":[{"name":"wp","href":"https:\/\/api.w.org\/{rel}","templated":true}]}}